{"id":2669,"date":"2019-12-03T15:22:31","date_gmt":"2019-12-03T14:22:31","guid":{"rendered":"https:\/\/nsix.pl\/kb\/?p=2669"},"modified":"2019-12-16T16:46:30","modified_gmt":"2019-12-16T15:46:30","slug":"zimbra-zarzadzanie-kalendarzem","status":"publish","type":"post","link":"https:\/\/nsix.pl\/kb\/zimbra-zarzadzanie-kalendarzem\/","title":{"rendered":"Zimbra &#8211; zarz\u0105dzanie kalendarzem"},"content":{"rendered":"\t\t<div data-elementor-type=\"wp-post\" data-elementor-id=\"2669\" class=\"elementor elementor-2669\">\n\t\t\t\t\t\t<section class=\"elementor-section elementor-top-section elementor-element elementor-element-c2649fd elementor-section-boxed elementor-section-height-default elementor-section-height-default\" data-id=\"c2649fd\" data-element_type=\"section\" data-e-type=\"section\">\n\t\t\t\t\t\t<div class=\"elementor-container elementor-column-gap-default\">\n\t\t\t\t\t<div class=\"elementor-column elementor-col-100 elementor-top-column elementor-element elementor-element-ab450b6\" data-id=\"ab450b6\" data-element_type=\"column\" data-e-type=\"column\">\n\t\t\t<div class=\"elementor-widget-wrap elementor-element-populated\">\n\t\t\t\t\t\t<div class=\"elementor-element elementor-element-390efca elementor-widget elementor-widget-text-editor\" data-id=\"390efca\" data-element_type=\"widget\" data-e-type=\"widget\" data-widget_type=\"text-editor.default\">\n\t\t\t\t<div class=\"elementor-widget-container\">\n\t\t\t\t\t\t\t\t\t<p>Aby przej\u015b\u0107 do widoku kalendarza nale\u017cy klikn\u0105\u0107 zaznaczony poni\u017cej przycisk.<\/p>\t\t\t\t\t\t\t\t<\/div>\n\t\t\t\t<\/div>\n\t\t\t\t<div class=\"elementor-element elementor-element-02754aa elementor-widget elementor-widget-image\" data-id=\"02754aa\" data-element_type=\"widget\" data-e-type=\"widget\" data-widget_type=\"image.default\">\n\t\t\t\t<div class=\"elementor-widget-container\">\n\t\t\t\t\t\t\t\t\t\t\t\t\t\t\t<img decoding=\"async\" width=\"268\" height=\"31\" src=\"https:\/\/nsix.pl\/kb\/wp-content\/uploads\/2019\/09\/kal.png\" class=\"attachment-large size-large wp-image-2524\" alt=\"\" srcset=\"https:\/\/nsix.pl\/kb\/wp-content\/uploads\/2019\/09\/kal.png 268w, https:\/\/nsix.pl\/kb\/wp-content\/uploads\/2019\/09\/kal-60x7.png 60w, https:\/\/nsix.pl\/kb\/wp-content\/uploads\/2019\/09\/kal-150x17.png 150w\" sizes=\"(max-width: 268px) 100vw, 268px\" \/>\t\t\t\t\t\t\t\t\t\t\t\t\t\t\t<\/div>\n\t\t\t\t<\/div>\n\t\t\t\t\t<\/div>\n\t\t<\/div>\n\t\t\t\t\t<\/div>\n\t\t<\/section>\n\t\t\t\t<section class=\"elementor-section elementor-top-section elementor-element elementor-element-10f6959 elementor-section-boxed elementor-section-height-default elementor-section-height-default\" data-id=\"10f6959\" data-element_type=\"section\" data-e-type=\"section\">\n\t\t\t\t\t\t<div class=\"elementor-container elementor-column-gap-default\">\n\t\t\t\t\t<div class=\"elementor-column elementor-col-100 elementor-top-column elementor-element elementor-element-64a36db\" data-id=\"64a36db\" data-element_type=\"column\" data-e-type=\"column\">\n\t\t\t<div class=\"elementor-widget-wrap elementor-element-populated\">\n\t\t\t\t\t\t<div class=\"elementor-element elementor-element-b7359d8 elementor-widget elementor-widget-text-editor\" data-id=\"b7359d8\" data-element_type=\"widget\" data-e-type=\"widget\" data-widget_type=\"text-editor.default\">\n\t\t\t\t<div class=\"elementor-widget-container\">\n\t\t\t\t\t\t\t\t\t<p>Po wej\u015bciu na kart\u0119 kalendarza domy\u015blnie zostanie wy\u015bwietlony widok tygodnia roboczego. Za pomoc\u0105 przycisk\u00f3w w prawym g\u00f3rnym rogu ekranu kalendarza mo\u017cna zmieni\u0107 spos\u00f3b wy\u015bwietlania dla obecnej sesji. Wyr\u00f3\u017cniamy nast\u0119puj\u0105ce widoki:<\/p><ul><li><strong>Dzie\u0144<\/strong> &#8211; Wy\u015bwietla aktywno\u015bci aktualnego dnia<\/li><li><strong>Tydzie\u0144 roboczy<\/strong> &#8211; Wy\u015bwietla aktywno\u015bci aktualnego tygodnia roboczego. Ustawienia tego widoku mo\u017cna zmieni\u0107. Domy\u015blnie Tydzie\u0144 roboczy trwa od Poniedzia\u0142ku do pi\u0105tku od godziny 8:00 do 17:00. Czas pracy jest oznaczony kolorem bia\u0142ym, czas poza prac\u0105, szarym.<\/li><li><strong>Tydzie\u0144<\/strong> &#8211; Wy\u015bwietla aktywno\u015bci ca\u0142ego tygodnia<\/li><li><strong>Miesi\u0105c<\/strong> &#8211; Wy\u015bwietla aktywno\u015bci ca\u0142ego miesi\u0105ca.<\/li><li><strong>Lista<\/strong> &#8211; Wy\u015bwietla list\u0119 aktywno\u015bci na dwa tygodnie licz\u0105c od dnia dzisiejszego.<\/li><\/ul>\t\t\t\t\t\t\t\t<\/div>\n\t\t\t\t<\/div>\n\t\t\t\t<div class=\"elementor-element elementor-element-a31aed4 elementor-widget elementor-widget-image\" data-id=\"a31aed4\" data-element_type=\"widget\" data-e-type=\"widget\" data-widget_type=\"image.default\">\n\t\t\t\t<div class=\"elementor-widget-container\">\n\t\t\t\t\t\t\t\t\t\t\t\t\t\t\t<img fetchpriority=\"high\" decoding=\"async\" width=\"980\" height=\"94\" src=\"https:\/\/nsix.pl\/kb\/wp-content\/uploads\/2019\/09\/kalenarz-widok-1024x98.png\" class=\"attachment-large size-large wp-image-2672\" alt=\"\" srcset=\"https:\/\/nsix.pl\/kb\/wp-content\/uploads\/2019\/09\/kalenarz-widok-1024x98.png 1024w, https:\/\/nsix.pl\/kb\/wp-content\/uploads\/2019\/09\/kalenarz-widok-300x29.png 300w, https:\/\/nsix.pl\/kb\/wp-content\/uploads\/2019\/09\/kalenarz-widok-768x73.png 768w, https:\/\/nsix.pl\/kb\/wp-content\/uploads\/2019\/09\/kalenarz-widok-60x6.png 60w, https:\/\/nsix.pl\/kb\/wp-content\/uploads\/2019\/09\/kalenarz-widok-150x14.png 150w, https:\/\/nsix.pl\/kb\/wp-content\/uploads\/2019\/09\/kalenarz-widok.png 1914w\" sizes=\"(max-width: 980px) 100vw, 980px\" \/>\t\t\t\t\t\t\t\t\t\t\t\t\t\t\t<\/div>\n\t\t\t\t<\/div>\n\t\t\t\t\t<\/div>\n\t\t<\/div>\n\t\t\t\t\t<\/div>\n\t\t<\/section>\n\t\t\t\t<section class=\"elementor-section elementor-top-section elementor-element elementor-element-54f0560 elementor-section-boxed elementor-section-height-default elementor-section-height-default\" data-id=\"54f0560\" data-element_type=\"section\" data-e-type=\"section\">\n\t\t\t\t\t\t<div class=\"elementor-container elementor-column-gap-default\">\n\t\t\t\t\t<div class=\"elementor-column elementor-col-100 elementor-top-column elementor-element elementor-element-775f854\" data-id=\"775f854\" data-element_type=\"column\" data-e-type=\"column\">\n\t\t\t<div class=\"elementor-widget-wrap elementor-element-populated\">\n\t\t\t\t\t\t<div class=\"elementor-element elementor-element-b0c7852 elementor-widget elementor-widget-heading\" data-id=\"b0c7852\" data-element_type=\"widget\" data-e-type=\"widget\" data-widget_type=\"heading.default\">\n\t\t\t\t<div class=\"elementor-widget-container\">\n\t\t\t\t\t<h2 class=\"elementor-heading-title elementor-size-default\">Ustawienia widoku kalendarza<\/h2>\t\t\t\t<\/div>\n\t\t\t\t<\/div>\n\t\t\t\t\t<\/div>\n\t\t<\/div>\n\t\t\t\t\t<\/div>\n\t\t<\/section>\n\t\t\t\t<section class=\"elementor-section elementor-top-section elementor-element elementor-element-00d8125 elementor-section-boxed elementor-section-height-default elementor-section-height-default\" data-id=\"00d8125\" data-element_type=\"section\" data-e-type=\"section\">\n\t\t\t\t\t\t<div class=\"elementor-container elementor-column-gap-default\">\n\t\t\t\t\t<div class=\"elementor-column elementor-col-100 elementor-top-column elementor-element elementor-element-8154763\" data-id=\"8154763\" data-element_type=\"column\" data-e-type=\"column\">\n\t\t\t<div class=\"elementor-widget-wrap elementor-element-populated\">\n\t\t\t\t\t\t<div class=\"elementor-element elementor-element-92f4602 elementor-widget elementor-widget-text-editor\" data-id=\"92f4602\" data-element_type=\"widget\" data-e-type=\"widget\" data-widget_type=\"text-editor.default\">\n\t\t\t\t<div class=\"elementor-widget-container\">\n\t\t\t\t\t\t\t\t\t<p>Aby zmieni\u0107 domy\u015blny widok kalendarza nale\u017cy przej\u015b\u0107 do zak\u0142adki <strong>W\u0142a\u015bciwo\u015bci<\/strong>. Z menu po lewej stronie nale\u017cy wybra\u0107\u00a0<strong>Kalendarz<\/strong>.\u00a0<\/p><p>W sekcji Og\u00f3lne:<\/p><ul><li>Mo\u017cna okre\u015bli\u0107 <strong>domy\u015blny widok,\u00a0<\/strong>jak i wybra\u0107 pierwszy dzie\u0144 tygodnia.<\/li><li><strong>Przekazuj zaproszenia do<\/strong>,tutaj mo\u017cna poda\u0107 adres na jaki maj\u0105 by\u0107 przekazywane zaproszenia.<\/li><li><strong>Poka\u017c przypomnienia, <\/strong>odpowiada za to kiedy zostanie przes\u0142ane przypomnienie.\u00a0Domy\u015blnie jest to pi\u0119\u0107 minut przed danym wydarzeniem.<\/li><\/ul><p>W sekcji Tydzie\u0144 i godziny pracy:<\/p><ul><li>Mo\u017cna ustawi\u0107 dni pracy oraz godziny robocze.<\/li><\/ul><p>W sekcji Uprawnienia:<\/p><ul><li>mo\u017cna dostosowa\u0107 kto ma mo\u017cliwo\u015b\u0107 podgl\u0105du kalendarza oraz kto mo\u017ce wysy\u0142a\u0107 do niego zaproszenia.<\/li><\/ul>\t\t\t\t\t\t\t\t<\/div>\n\t\t\t\t<\/div>\n\t\t\t\t<div class=\"elementor-element elementor-element-bb5f94b elementor-widget elementor-widget-heading\" data-id=\"bb5f94b\" data-element_type=\"widget\" data-e-type=\"widget\" data-widget_type=\"heading.default\">\n\t\t\t\t<div class=\"elementor-widget-container\">\n\t\t\t\t\t<h2 class=\"elementor-heading-title elementor-size-default\">Tworzenie spotka\u0144 i zaproszenia<\/h2>\t\t\t\t<\/div>\n\t\t\t\t<\/div>\n\t\t\t\t\t<\/div>\n\t\t<\/div>\n\t\t\t\t\t<\/div>\n\t\t<\/section>\n\t\t\t\t<section class=\"elementor-section elementor-top-section elementor-element elementor-element-939a974 elementor-section-boxed elementor-section-height-default elementor-section-height-default\" data-id=\"939a974\" data-element_type=\"section\" data-e-type=\"section\">\n\t\t\t\t\t\t<div class=\"elementor-container elementor-column-gap-default\">\n\t\t\t\t\t<div class=\"elementor-column elementor-col-100 elementor-top-column elementor-element elementor-element-e182499\" data-id=\"e182499\" data-element_type=\"column\" data-e-type=\"column\">\n\t\t\t<div class=\"elementor-widget-wrap elementor-element-populated\">\n\t\t\t\t\t\t<div class=\"elementor-element elementor-element-31ae188 elementor-widget elementor-widget-text-editor\" data-id=\"31ae188\" data-element_type=\"widget\" data-e-type=\"widget\" data-widget_type=\"text-editor.default\">\n\t\t\t\t<div class=\"elementor-widget-container\">\n\t\t\t\t\t\t\t\t\t<p>Aby utworzy\u0107 nowe spotkanie wystarczy klikn\u0105\u0107 na <strong>Nowy termin\u00a0<\/strong>nad menu nawigacyjnym.<\/p>\t\t\t\t\t\t\t\t<\/div>\n\t\t\t\t<\/div>\n\t\t\t\t<div class=\"elementor-element elementor-element-2fbe652 elementor-widget elementor-widget-image\" data-id=\"2fbe652\" data-element_type=\"widget\" data-e-type=\"widget\" data-widget_type=\"image.default\">\n\t\t\t\t<div class=\"elementor-widget-container\">\n\t\t\t\t\t\t\t\t\t\t\t\t\t\t\t<img decoding=\"async\" width=\"196\" height=\"299\" src=\"https:\/\/nsix.pl\/kb\/wp-content\/uploads\/2019\/09\/nowy-termin-button.png\" class=\"attachment-large size-large wp-image-2675\" alt=\"\" srcset=\"https:\/\/nsix.pl\/kb\/wp-content\/uploads\/2019\/09\/nowy-termin-button.png 196w, https:\/\/nsix.pl\/kb\/wp-content\/uploads\/2019\/09\/nowy-termin-button-39x60.png 39w, https:\/\/nsix.pl\/kb\/wp-content\/uploads\/2019\/09\/nowy-termin-button-98x150.png 98w\" sizes=\"(max-width: 196px) 100vw, 196px\" \/>\t\t\t\t\t\t\t\t\t\t\t\t\t\t\t<\/div>\n\t\t\t\t<\/div>\n\t\t\t\t<div class=\"elementor-element elementor-element-fdc940a elementor-widget elementor-widget-text-editor\" data-id=\"fdc940a\" data-element_type=\"widget\" data-e-type=\"widget\" data-widget_type=\"text-editor.default\">\n\t\t\t\t<div class=\"elementor-widget-container\">\n\t\t\t\t\t\t\t\t\t<p>Otworzy nam si\u0119 okno tworzenia spotkania.<\/p>\t\t\t\t\t\t\t\t<\/div>\n\t\t\t\t<\/div>\n\t\t\t\t<div class=\"elementor-element elementor-element-93fdd94 elementor-widget elementor-widget-image\" data-id=\"93fdd94\" data-element_type=\"widget\" data-e-type=\"widget\" data-widget_type=\"image.default\">\n\t\t\t\t<div class=\"elementor-widget-container\">\n\t\t\t\t\t\t\t\t\t\t\t\t\t\t\t<img loading=\"lazy\" decoding=\"async\" width=\"980\" height=\"291\" src=\"https:\/\/nsix.pl\/kb\/wp-content\/uploads\/2019\/09\/termin-okno-1024x304.png\" class=\"attachment-large size-large wp-image-2527\" alt=\"\" srcset=\"https:\/\/nsix.pl\/kb\/wp-content\/uploads\/2019\/09\/termin-okno-1024x304.png 1024w, https:\/\/nsix.pl\/kb\/wp-content\/uploads\/2019\/09\/termin-okno-300x89.png 300w, https:\/\/nsix.pl\/kb\/wp-content\/uploads\/2019\/09\/termin-okno-768x228.png 768w, https:\/\/nsix.pl\/kb\/wp-content\/uploads\/2019\/09\/termin-okno-60x18.png 60w, https:\/\/nsix.pl\/kb\/wp-content\/uploads\/2019\/09\/termin-okno-150x44.png 150w, https:\/\/nsix.pl\/kb\/wp-content\/uploads\/2019\/09\/termin-okno.png 1919w\" sizes=\"(max-width: 980px) 100vw, 980px\" \/>\t\t\t\t\t\t\t\t\t\t\t\t\t\t\t<\/div>\n\t\t\t\t<\/div>\n\t\t\t\t<div class=\"elementor-element elementor-element-516bdbf elementor-widget elementor-widget-text-editor\" data-id=\"516bdbf\" data-element_type=\"widget\" data-e-type=\"widget\" data-widget_type=\"text-editor.default\">\n\t\t\t\t<div class=\"elementor-widget-container\">\n\t\t\t\t\t\t\t\t\t<p>W nim musimy poda\u0107 nast\u0119puj\u0105ce informacje:<\/p><ul><li><strong>Temat<\/strong> &#8211; kr\u00f3tka informacja zwi\u0105zana z spotkaniem.<\/li><li><strong>Lokalizacja<\/strong> &#8211; Miejsce spotkania.<\/li><li><strong>Uczestnicy<\/strong> &#8211; Lista uczestnik\u00f3w. Podczas wpisywania uczestnik\u00f3w zostanie pokazany niewielki diagram obrazuj\u0105cy czas pracy oraz ramy czasowe spotkania<img loading=\"lazy\" decoding=\"async\" class=\"aligncenter wp-image-2676 size-full\" src=\"https:\/\/nsix.pl\/kb\/wp-content\/uploads\/2019\/09\/diagram-czasowy.png\" alt=\"\" width=\"1406\" height=\"154\" srcset=\"https:\/\/nsix.pl\/kb\/wp-content\/uploads\/2019\/09\/diagram-czasowy.png 1406w, https:\/\/nsix.pl\/kb\/wp-content\/uploads\/2019\/09\/diagram-czasowy-300x33.png 300w, https:\/\/nsix.pl\/kb\/wp-content\/uploads\/2019\/09\/diagram-czasowy-768x84.png 768w, https:\/\/nsix.pl\/kb\/wp-content\/uploads\/2019\/09\/diagram-czasowy-1024x112.png 1024w, https:\/\/nsix.pl\/kb\/wp-content\/uploads\/2019\/09\/diagram-czasowy-60x7.png 60w, https:\/\/nsix.pl\/kb\/wp-content\/uploads\/2019\/09\/diagram-czasowy-150x16.png 150w\" sizes=\"(max-width: 1406px) 100vw, 1406px\" \/><\/li><li><strong>Rozpocznij<\/strong> &#8211; Wybieramy dat\u0119 oraz godzin\u0119 rozpocz\u0119cia spotkania. Zaznaczaj\u0105c opcj\u0119 <strong>Ca\u0142y dzie\u0144<\/strong> automatycznie zostan\u0105 uwzgl\u0119dnione 24h dnia rozpocz\u0119cia spotkania.<\/li><li><strong>Zako\u0144czenie<\/strong> &#8211; Wybieramy dat\u0119 oraz godzin\u0119 zako\u0144czenia spotkania.<\/li><li><strong>Wy\u015bwietl<\/strong> &#8211; Wybieramy w jaki spos\u00f3b ma by\u0107 zaznaczony czas przeznaczony na nasze spotkanie oraz w jakim kalendarzu. Zaznaczaj\u0105c opcj\u0119 <strong>Prywatny<\/strong> nieupowa\u017cnione osoby nie b\u0119d\u0105 mia\u0142y dost\u0119pu do spotkania.<\/li><li><strong>Powt\u00f3rz<\/strong> &#8211; W przypadku gdy spotkanie ma si\u0119 odbywa\u0107 cyklicznie mo\u017cemy ustawi\u0107 co jaki okres czasu ma zosta\u0107 dodane to kalendarza.<\/li><li><strong>Przypomnienie<\/strong> &#8211; Mo\u017cna ustawi\u0107 kiedy ma zosta\u0107 wys\u0142ane przypomnienie. W pierwszej kolejno\u015bci brany jest pod uwag\u0119 czas przypomnienia ustawiony przez zaproszon\u0105 osob\u0119. W przypadku gdy pracownik nie ma ustawionego czasu przypomnienia brany pod uwag\u0119 jest termin przypomnienia ustawiony w zaproszeniu.<\/li><\/ul><p>Na samym dole znajduje si\u0119 obszar tekstowym, w kt\u00f3rym mo\u017cna wprowadzi\u0107 dodatkowe informacje zwi\u0105zane z spotkaniem.<\/p><p>W przypadku ch\u0119ci rozes\u0142ania zaprosze\u0144 nale\u017cy klikn\u0105\u0107 przycisk <strong>Wy\u015blij<\/strong> w lewym g\u00f3rnym rogu. Klikaj\u0105c <strong>Zapisz\u00a0<\/strong>spotkanie zostanie zapisane bez wys\u0142ania zaprosze\u0144 do uczestnik\u00f3w. W przypadku ch\u0119ci anulowania tworzenia spotkania klikamy<strong> Zamknij<\/strong>. Gdy ekran tworzenia zaproszenia ma zosta\u0107 zamkni\u0119ty, bez wcze\u015bniejszego zapisania spotkania, system poprosi o potwierdzenie operacji.<\/p>\t\t\t\t\t\t\t\t<\/div>\n\t\t\t\t<\/div>\n\t\t\t\t\t<\/div>\n\t\t<\/div>\n\t\t\t\t\t<\/div>\n\t\t<\/section>\n\t\t\t\t<\/div>\n\t\t","protected":false},"excerpt":{"rendered":"<p>Aby przej\u015b\u0107 do widoku kalendarza nale\u017cy klikn\u0105\u0107 zaznaczony poni\u017cej przycisk. Po wej\u015bciu na kart\u0119 kalendarza domy\u015blnie zostanie wy\u015bwietlony widok tygodnia roboczego. Za pomoc\u0105 przycisk\u00f3w w prawym g\u00f3rnym rogu ekranu kalendarza mo\u017cna zmieni\u0107 spos\u00f3b wy\u015bwietlania dla obecnej sesji. Wyr\u00f3\u017cniamy nast\u0119puj\u0105ce widoki: Dzie\u0144 &#8211; Wy\u015bwietla aktywno\u015bci aktualnego dnia Tydzie\u0144 roboczy &#8211; Wy\u015bwietla aktywno\u015bci aktualnego tygodnia roboczego. Ustawienia [&hellip;]<\/p>\n","protected":false},"author":1,"featured_media":0,"comment_status":"closed","ping_status":"closed","sticky":false,"template":"","format":"standard","meta":{"footnotes":""},"categories":[203],"tags":[211,212,210,204],"class_list":["post-2669","post","type-post","status-publish","format-standard","hentry","category-zimbra","tag-spotkania","tag-zaproszenia","tag-zarzadzanie-kalendarzem","tag-zimbra"],"_links":{"self":[{"href":"https:\/\/nsix.pl\/kb\/wp-json\/wp\/v2\/posts\/2669","targetHints":{"allow":["GET"]}}],"collection":[{"href":"https:\/\/nsix.pl\/kb\/wp-json\/wp\/v2\/posts"}],"about":[{"href":"https:\/\/nsix.pl\/kb\/wp-json\/wp\/v2\/types\/post"}],"author":[{"embeddable":true,"href":"https:\/\/nsix.pl\/kb\/wp-json\/wp\/v2\/users\/1"}],"replies":[{"embeddable":true,"href":"https:\/\/nsix.pl\/kb\/wp-json\/wp\/v2\/comments?post=2669"}],"version-history":[{"count":15,"href":"https:\/\/nsix.pl\/kb\/wp-json\/wp\/v2\/posts\/2669\/revisions"}],"predecessor-version":[{"id":3238,"href":"https:\/\/nsix.pl\/kb\/wp-json\/wp\/v2\/posts\/2669\/revisions\/3238"}],"wp:attachment":[{"href":"https:\/\/nsix.pl\/kb\/wp-json\/wp\/v2\/media?parent=2669"}],"wp:term":[{"taxonomy":"category","embeddable":true,"href":"https:\/\/nsix.pl\/kb\/wp-json\/wp\/v2\/categories?post=2669"},{"taxonomy":"post_tag","embeddable":true,"href":"https:\/\/nsix.pl\/kb\/wp-json\/wp\/v2\/tags?post=2669"}],"curies":[{"name":"wp","href":"https:\/\/api.w.org\/{rel}","templated":true}]}}